{"id":286,"date":"2016-11-22T15:42:06","date_gmt":"2016-11-22T14:42:06","guid":{"rendered":"http:\/\/www.lichtbandit.de\/?p=286"},"modified":"2016-11-23T16:11:54","modified_gmt":"2016-11-23T15:11:54","slug":"der-lichtbandit","status":"publish","type":"post","link":"https:\/\/www.lichtbandit.de\/?p=286","title":{"rendered":"Der Lichtbandit"},"content":{"rendered":"<h4><em>&#8211; Ein gutes Foto ist ein Foto, auf das man l\u00e4nger als eine Sekunde schaut. &#8211;<\/em><br \/>\n<em> Henri Cartier-Bresson, 1908<\/em><\/h4>\n<h2><a href=\"http:\/\/www.lichtbandit.de\/?attachment_id=307\" rel=\"attachment wp-att-307\"><img data-recalc-dims=\"1\" loading=\"lazy\" decoding=\"async\" data-attachment-id=\"307\" data-permalink=\"https:\/\/www.lichtbandit.de\/?attachment_id=307\" data-orig-file=\"https:\/\/i0.wp.com\/www.lichtbandit.de\/wordpress\/wp-content\/uploads\/2016\/11\/Lichtbandit-Stephan-Luft-1_1125x1500.jpg?fit=1125%2C1500&amp;ssl=1\" data-orig-size=\"1125,1500\" data-comments-opened=\"1\" data-image-meta=\"{&quot;aperture&quot;:&quot;0&quot;,&quot;credit&quot;:&quot;&quot;,&quot;camera&quot;:&quot;&quot;,&quot;caption&quot;:&quot;&quot;,&quot;created_timestamp&quot;:&quot;0&quot;,&quot;copyright&quot;:&quot;&quot;,&quot;focal_length&quot;:&quot;0&quot;,&quot;iso&quot;:&quot;0&quot;,&quot;shutter_speed&quot;:&quot;0&quot;,&quot;title&quot;:&quot;&quot;,&quot;orientation&quot;:&quot;0&quot;}\" data-image-title=\"lichtbandit-stephan-luft-1_1125x1500\" data-image-description=\"\" data-image-caption=\"\" data-large-file=\"https:\/\/i0.wp.com\/www.lichtbandit.de\/wordpress\/wp-content\/uploads\/2016\/11\/Lichtbandit-Stephan-Luft-1_1125x1500.jpg?fit=750%2C1000&amp;ssl=1\" class=\"size-thumbnail wp-image-307 aligncenter\" src=\"https:\/\/i0.wp.com\/www.lichtbandit.de\/wordpress\/wp-content\/uploads\/2016\/11\/Lichtbandit-Stephan-Luft-1_1125x1500.jpg?resize=150%2C150\" alt=\"lichtbandit-stephan-luft-1_1125x1500\" width=\"150\" height=\"150\" srcset=\"https:\/\/i0.wp.com\/www.lichtbandit.de\/wordpress\/wp-content\/uploads\/2016\/11\/Lichtbandit-Stephan-Luft-1_1125x1500.jpg?resize=150%2C150&amp;ssl=1 150w, https:\/\/i0.wp.com\/www.lichtbandit.de\/wordpress\/wp-content\/uploads\/2016\/11\/Lichtbandit-Stephan-Luft-1_1125x1500.jpg?resize=542%2C542&amp;ssl=1 542w, https:\/\/i0.wp.com\/www.lichtbandit.de\/wordpress\/wp-content\/uploads\/2016\/11\/Lichtbandit-Stephan-Luft-1_1125x1500.jpg?zoom=2&amp;resize=150%2C150 300w, https:\/\/i0.wp.com\/www.lichtbandit.de\/wordpress\/wp-content\/uploads\/2016\/11\/Lichtbandit-Stephan-Luft-1_1125x1500.jpg?zoom=3&amp;resize=150%2C150 450w\" sizes=\"auto, (max-width: 150px) 100vw, 150px\" \/><\/a><\/h2>\n<h3>1976 in Moers geboren und am sch\u00f6nen Niederrhein aufgewachsen hat sich Stephan Luft von Jugend an f\u00fcr die Fotografie interessiert. Mit den M\u00f6glichkeiten der digitalen Fotografie wurden weitere Bereiche wie HDR, Makro und Panorama zu den Tier-, Landschafts- und Architektonischen Aufnahmen hinzugef\u00fcgt. In allen Bereichen liegt das Bestreben darin, die Motive in Ihrer Nat\u00fcrlichkeit weitestgehend zu belassen, beziehungsweise durch hohe Kontraste oder der Schwarzwei\u00dffotografie die St\u00e4rke des Motivs zu unterstreichen.<\/h3>\n<h4>Alle Werke sind auf unterschiedlichen Bildtr\u00e4gern (Leinwand, Fineart-Print, AluDibond, Acryl und zum Teil auf Holz) verf\u00fcgbar. Die Formatgr\u00f6\u00dfe ist zudem frei verf\u00fcgbar.<\/h4>\n<h3 align=\"right\">Viel Spa\u00df beim Beute sichten!<\/h3>\n<p style=\"text-align: left;\" align=\"right\">&#8212;<\/p>\n<h4 style=\"text-align: left;\" align=\"right\"><em>&#8211; <span id=\"result_box\" class=\"\" lang=\"en\" tabindex=\"-1\"><span class=\"\">A good photo is a photo that you look for longer than a second.<\/span><\/span> &#8211;<\/em><br \/>\n<em> Henri Cartier-Bresson, 1908<\/em><\/h4>\n<h3 style=\"text-align: left;\" align=\"right\"><span id=\"result_box\" class=\"\" lang=\"en\" tabindex=\"-1\"><span class=\"\">Born 1976 in Moers and growing up in the beautiful city of Lower Rhine, Stephan Luft was interested in photography from his youth.<\/span> <span class=\"\">With the possibilities of digital photography, additional areas such as HDR, macro and panorama were added to the animal, landscape and architectural photographs.<\/span> <span class=\"\">In all areas the effort is to keep the motifs in their naturalness as far as possible, or to emphasize the strength of the motif by means of high contrasts or the black-and-white photography.<\/span><\/span><\/h3>\n<h4 style=\"text-align: left;\" align=\"right\"><span id=\"result_box\" class=\"\" lang=\"en\" tabindex=\"-1\"><span class=\"\">All works are available on different picture carriers (canvas, fine art print, AluDibond, acrylic and partly on wood).<\/span> The format size is also freely available.<\/span><\/h4>\n<h3 style=\"text-align: right;\"><span id=\"result_box\" class=\"short_text\" lang=\"en\" tabindex=\"-1\">Enjoy the booty!<\/span><\/h3>\n<p><span style=\"border-radius: 2px; text-indent: 20px; width: auto; padding: 0px 4px 0px 0px; text-align: center; font: bold 11px\/20px 'Helvetica Neue',Helvetica,sans-serif; color: #ffffff; background: #bd081c no-repeat scroll 3px 50% \/ 14px 14px; position: absolute; opacity: 1; z-index: 8675309; display: none; cursor: pointer;\">Merken<\/span><\/p>\n<p><span style=\"border-radius: 2px; text-indent: 20px; width: auto; padding: 0px 4px 0px 0px; text-align: center; font: bold 11px\/20px 'Helvetica Neue',Helvetica,sans-serif; color: #ffffff; background: #bd081c no-repeat scroll 3px 50% \/ 14px 14px; position: absolute; opacity: 1; z-index: 8675309; display: none; cursor: pointer;\">Merken<\/span><\/p>\n<p><span style=\"border-radius: 2px; text-indent: 20px; width: auto; padding: 0px 4px 0px 0px; text-align: center; font: bold 11px\/20px 'Helvetica Neue',Helvetica,sans-serif; color: #ffffff; background: #bd081c no-repeat scroll 3px 50% \/ 14px 14px; position: absolute; opacity: 1; z-index: 8675309; display: none; cursor: pointer;\">Merken<\/span><\/p>\n","protected":false},"excerpt":{"rendered":"<p>&#8211; Ein gutes Foto ist ein Foto, auf das man l\u00e4nger als eine Sekunde schaut. &#8211; Henri Cartier-Bresson, 1908 1976 in Moers geboren und am sch\u00f6nen Niederrhein aufgewachsen hat sich Stephan Luft von Jugend an f\u00fcr die Fotografie interessiert. Mit den M\u00f6glichkeiten der digitalen Fotografie wurden weitere Bereiche wie HDR, Makro und Panorama zu den [&hellip;]<\/p>\n","protected":false},"author":1,"featured_media":38,"comment_status":"closed","ping_status":"closed","sticky":false,"template":"","format":"standard","meta":{"_monsterinsights_skip_tracking":false,"_monsterinsights_sitenote_active":false,"_monsterinsights_sitenote_note":"","_monsterinsights_sitenote_category":0,"jetpack_post_was_ever_published":false,"_jetpack_newsletter_access":"","_jetpack_dont_email_post_to_subs":true,"_jetpack_newsletter_tier_id":0,"_jetpack_memberships_contains_paywalled_content":false,"_jetpack_memberships_contains_paid_content":false,"footnotes":"","jetpack_publicize_message":"","jetpack_publicize_feature_enabled":true,"jetpack_social_post_already_shared":true,"jetpack_social_options":{"image_generator_settings":{"template":"highway","default_image_id":0,"font":"","enabled":false},"version":2}},"categories":[1],"tags":[46],"class_list":["post-286","post","type-post","status-publish","format-standard","has-post-thumbnail","hentry","category-allgemein","tag-lichtbandit"],"aioseo_notices":[],"jetpack_publicize_connections":[],"jetpack_featured_media_url":"https:\/\/i0.wp.com\/www.lichtbandit.de\/wordpress\/wp-content\/uploads\/2012\/09\/CamBandit-1.jpg?fit=436%2C111&ssl=1","jetpack_sharing_enabled":true,"jetpack_shortlink":"https:\/\/wp.me\/p88liy-4C","jetpack_likes_enabled":true,"_links":{"self":[{"href":"https:\/\/www.lichtbandit.de\/index.php?rest_route=\/wp\/v2\/posts\/286","targetHints":{"allow":["GET"]}}],"collection":[{"href":"https:\/\/www.lichtbandit.de\/index.php?rest_route=\/wp\/v2\/posts"}],"about":[{"href":"https:\/\/www.lichtbandit.de\/index.php?rest_route=\/wp\/v2\/types\/post"}],"author":[{"embeddable":true,"href":"https:\/\/www.lichtbandit.de\/index.php?rest_route=\/wp\/v2\/users\/1"}],"replies":[{"embeddable":true,"href":"https:\/\/www.lichtbandit.de\/index.php?rest_route=%2Fwp%2Fv2%2Fcomments&post=286"}],"version-history":[{"count":11,"href":"https:\/\/www.lichtbandit.de\/index.php?rest_route=\/wp\/v2\/posts\/286\/revisions"}],"predecessor-version":[{"id":501,"href":"https:\/\/www.lichtbandit.de\/index.php?rest_route=\/wp\/v2\/posts\/286\/revisions\/501"}],"wp:featuredmedia":[{"embeddable":true,"href":"https:\/\/www.lichtbandit.de\/index.php?rest_route=\/wp\/v2\/media\/38"}],"wp:attachment":[{"href":"https:\/\/www.lichtbandit.de\/index.php?rest_route=%2Fwp%2Fv2%2Fmedia&parent=286"}],"wp:term":[{"taxonomy":"category","embeddable":true,"href":"https:\/\/www.lichtbandit.de\/index.php?rest_route=%2Fwp%2Fv2%2Fcategories&post=286"},{"taxonomy":"post_tag","embeddable":true,"href":"https:\/\/www.lichtbandit.de\/index.php?rest_route=%2Fwp%2Fv2%2Ftags&post=286"}],"curies":[{"name":"wp","href":"https:\/\/api.w.org\/{rel}","templated":true}]}}